{"id":15418,"date":"2023-08-03T02:25:08","date_gmt":"2023-08-03T00:25:08","guid":{"rendered":"http:\/\/granadaflam.es\/objectif-b2-adultes\/"},"modified":"2023-10-21T07:55:46","modified_gmt":"2023-10-21T05:55:46","slug":"objectif-b2-adultes","status":"publish","type":"post","link":"http:\/\/granadaflam.es\/fr\/objectif-b2-adultes\/","title":{"rendered":"Objectif B2 (adultes)"},"content":{"rendered":"\t\t<div data-elementor-type=\"wp-post\" data-elementor-id=\"15418\" class=\"elementor elementor-15418 elementor-14557\">\n\t\t\t\t\t\t\t<div class=\"elementor-element elementor-element-10ed300 e-flex e-con-boxed e-con e-parent\" data-id=\"10ed300\" data-element_type=\"container\" data-settings=\"{&quot;container_type&quot;:&quot;flex&quot;,&quot;content_width&quot;:&quot;boxed&quot;}\" data-core-v316-plus=\"true\">\n\t\t\t\t\t<div class=\"e-con-inner\">\n\t\t\t\t<div class=\"elementor-element elementor-element-e27a879 elementor-widget-divider--separator-type-pattern elementor-widget-divider--view-line elementor-widget elementor-widget-divider\" data-id=\"e27a879\" data-element_type=\"widget\" data-widget_type=\"divider.default\">\n\t\t\t\t<div class=\"elementor-widget-container\">\n\t\t\t<style>\/*! elementor - v3.17.0 - 01-11-2023 *\/\n.elementor-widget-divider{--divider-border-style:none;--divider-border-width:1px;--divider-color:#0c0d0e;--divider-icon-size:20px;--divider-element-spacing:10px;--divider-pattern-height:24px;--divider-pattern-size:20px;--divider-pattern-url:none;--divider-pattern-repeat:repeat-x}.elementor-widget-divider .elementor-divider{display:flex}.elementor-widget-divider .elementor-divider__text{font-size:15px;line-height:1;max-width:95%}.elementor-widget-divider .elementor-divider__element{margin:0 var(--divider-element-spacing);flex-shrink:0}.elementor-widget-divider .elementor-icon{font-size:var(--divider-icon-size)}.elementor-widget-divider .elementor-divider-separator{display:flex;margin:0;direction:ltr}.elementor-widget-divider--view-line_icon .elementor-divider-separator,.elementor-widget-divider--view-line_text .elementor-divider-separator{align-items:center}.elementor-widget-divider--view-line_icon .elementor-divider-separator:after,.elementor-widget-divider--view-line_icon .elementor-divider-separator:before,.elementor-widget-divider--view-line_text .elementor-divider-separator:after,.elementor-widget-divider--view-line_text .elementor-divider-separator:before{display:block;content:\"\";border-bottom:0;flex-grow:1;border-top:var(--divider-border-width) var(--divider-border-style) var(--divider-color)}.elementor-widget-divider--element-align-left .elementor-divider .elementor-divider-separator>.elementor-divider__svg:first-of-type{flex-grow:0;flex-shrink:100}.elementor-widget-divider--element-align-left .elementor-divider-separator:before{content:none}.elementor-widget-divider--element-align-left .elementor-divider__element{margin-left:0}.elementor-widget-divider--element-align-right .elementor-divider .elementor-divider-separator>.elementor-divider__svg:last-of-type{flex-grow:0;flex-shrink:100}.elementor-widget-divider--element-align-right .elementor-divider-separator:after{content:none}.elementor-widget-divider--element-align-right .elementor-divider__element{margin-right:0}.elementor-widget-divider:not(.elementor-widget-divider--view-line_text):not(.elementor-widget-divider--view-line_icon) .elementor-divider-separator{border-top:var(--divider-border-width) var(--divider-border-style) var(--divider-color)}.elementor-widget-divider--separator-type-pattern{--divider-border-style:none}.elementor-widget-divider--separator-type-pattern.elementor-widget-divider--view-line .elementor-divider-separator,.elementor-widget-divider--separator-type-pattern:not(.elementor-widget-divider--view-line) .elementor-divider-separator:after,.elementor-widget-divider--separator-type-pattern:not(.elementor-widget-divider--view-line) .elementor-divider-separator:before,.elementor-widget-divider--separator-type-pattern:not([class*=elementor-widget-divider--view]) .elementor-divider-separator{width:100%;min-height:var(--divider-pattern-height);-webkit-mask-size:var(--divider-pattern-size) 100%;mask-size:var(--divider-pattern-size) 100%;-webkit-mask-repeat:var(--divider-pattern-repeat);mask-repeat:var(--divider-pattern-repeat);background-color:var(--divider-color);-webkit-mask-image:var(--divider-pattern-url);mask-image:var(--divider-pattern-url)}.elementor-widget-divider--no-spacing{--divider-pattern-size:auto}.elementor-widget-divider--bg-round{--divider-pattern-repeat:round}.rtl .elementor-widget-divider .elementor-divider__text{direction:rtl}.e-con-inner>.elementor-widget-divider,.e-con>.elementor-widget-divider{width:var(--container-widget-width,100%);--flex-grow:var(--container-widget-flex-grow)}<\/style>\t\t<div class=\"elementor-divider\" style=\"--divider-pattern-url: url(&quot;data:image\/svg+xml,%3Csvg xmlns=&#039;http:\/\/www.w3.org\/2000\/svg&#039; preserveAspectRatio=&#039;none&#039; overflow=&#039;visible&#039; height=&#039;100%&#039; viewBox=&#039;0 0 24 24&#039; fill=&#039;none&#039; stroke=&#039;black&#039; stroke-width=&#039;1&#039; stroke-linecap=&#039;square&#039; stroke-miterlimit=&#039;10&#039;%3E%3Cpath d=&#039;M0,21c3.3,0,8.3-0.9,15.7-7.1c6.6-5.4,4.4-9.3,2.4-10.3c-3.4-1.8-7.7,1.3-7.3,8.8C11.2,20,17.1,21,24,21&#039;\/%3E%3C\/svg%3E&quot;);\">\n\t\t\t<span class=\"elementor-divider-separator\">\n\t\t\t\t\t\t<\/span>\n\t\t<\/div>\n\t\t\t\t<\/div>\n\t\t\t\t<\/div>\n\t\t\t\t<div class=\"elementor-element elementor-element-f2d67ec elementor-widget elementor-widget-heading\" data-id=\"f2d67ec\" data-element_type=\"widget\" data-widget_type=\"heading.default\">\n\t\t\t\t<div class=\"elementor-widget-container\">\n\t\t\t<style>\/*! elementor - v3.17.0 - 01-11-2023 *\/\n.elementor-heading-title{padding:0;margin:0;line-height:1}.elementor-widget-heading .elementor-heading-title[class*=elementor-size-]>a{color:inherit;font-size:inherit;line-height:inherit}.elementor-widget-heading .elementor-heading-title.elementor-size-small{font-size:15px}.elementor-widget-heading .elementor-heading-title.elementor-size-medium{font-size:19px}.elementor-widget-heading .elementor-heading-title.elementor-size-large{font-size:29px}.elementor-widget-heading .elementor-heading-title.elementor-size-xl{font-size:39px}.elementor-widget-heading .elementor-heading-title.elementor-size-xxl{font-size:59px}<\/style><h1 class=\"elementor-heading-title elementor-size-xxl\">\u00a1Alcanza la excelencia en franc\u00e9s! <\/h1>\t\t<\/div>\n\t\t\t\t<\/div>\n\t\t\t\t\t<\/div>\n\t\t\t\t<\/div>\n\t\t<div class=\"elementor-element elementor-element-75e5f7d e-flex e-con-boxed e-con e-parent\" data-id=\"75e5f7d\" data-element_type=\"container\" data-settings=\"{&quot;container_type&quot;:&quot;flex&quot;,&quot;content_width&quot;:&quot;boxed&quot;}\" data-core-v316-plus=\"true\">\n\t\t\t\t\t<div class=\"e-con-inner\">\n\t\t\t\t<div class=\"elementor-element elementor-element-4e6c965 elementor-widget elementor-widget-heading\" data-id=\"4e6c965\" data-element_type=\"widget\" data-widget_type=\"heading.default\">\n\t\t\t\t<div class=\"elementor-widget-container\">\n\t\t\t<h1 class=\"elementor-heading-title elementor-size-xl\">DELF B2 classe cible pour adultes : novembre \u00e0 mai<\/h1>\t\t<\/div>\n\t\t\t\t<\/div>\n\t\t\t\t\t<\/div>\n\t\t\t\t<\/div>\n\t\t<div class=\"elementor-element elementor-element-5a6fe1d e-flex e-con-boxed e-con e-parent\" data-id=\"5a6fe1d\" data-element_type=\"container\" data-settings=\"{&quot;background_background&quot;:&quot;classic&quot;,&quot;shape_divider_top&quot;:&quot;opacity-tilt&quot;,&quot;shape_divider_bottom&quot;:&quot;triangle-asymmetrical&quot;,&quot;container_type&quot;:&quot;flex&quot;,&quot;content_width&quot;:&quot;boxed&quot;}\" data-core-v316-plus=\"true\">\n\t\t\t\t\t<div class=\"e-con-inner\">\n\t\t\t\t<div class=\"elementor-shape elementor-shape-top\" data-negative=\"false\">\n\t\t\t<svg xmlns=\"http:\/\/www.w3.org\/2000\/svg\" viewBox=\"0 0 2600 131.1\" preserveAspectRatio=\"none\">\n\t<path class=\"elementor-shape-fill\" d=\"M0 0L2600 0 2600 69.1 0 0z\"\/>\n\t<path class=\"elementor-shape-fill\" style=\"opacity:0.5\" d=\"M0 0L2600 0 2600 69.1 0 69.1z\"\/>\n\t<path class=\"elementor-shape-fill\" style=\"opacity:0.25\" d=\"M2600 0L0 0 0 130.1 2600 69.1z\"\/>\n<\/svg>\t\t<\/div>\n\t\t\t\t<div class=\"elementor-shape elementor-shape-bottom\" data-negative=\"false\">\n\t\t\t<svg xmlns=\"http:\/\/www.w3.org\/2000\/svg\" viewBox=\"0 0 1000 100\" preserveAspectRatio=\"none\">\n\t<path class=\"elementor-shape-fill\" d=\"M738,99l262-93V0H0v5.6L738,99z\"\/>\n<\/svg>\t\t<\/div>\n\t\t<div class=\"elementor-element elementor-element-d5a5e2e e-con-full e-flex e-con e-parent\" data-id=\"d5a5e2e\" data-element_type=\"container\" data-settings=\"{&quot;content_width&quot;:&quot;full&quot;,&quot;container_type&quot;:&quot;flex&quot;}\" data-core-v316-plus=\"true\">\n\t\t\t\t<div class=\"elementor-element elementor-element-6353bfd elementor-invisible elementor-widget elementor-widget-text-editor\" data-id=\"6353bfd\" data-element_type=\"widget\" data-settings=\"{&quot;_animation&quot;:&quot;slideInRight&quot;}\" data-widget_type=\"text-editor.default\">\n\t\t\t\t<div class=\"elementor-widget-container\">\n\t\t\t<style>\/*! elementor - v3.17.0 - 01-11-2023 *\/\n.elementor-widget-text-editor.elementor-drop-cap-view-stacked .elementor-drop-cap{background-color:#69727d;color:#fff}.elementor-widget-text-editor.elementor-drop-cap-view-framed .elementor-drop-cap{color:#69727d;border:3px solid;background-color:transparent}.elementor-widget-text-editor:not(.elementor-drop-cap-view-default) .elementor-drop-cap{margin-top:8px}.elementor-widget-text-editor:not(.elementor-drop-cap-view-default) .elementor-drop-cap-letter{width:1em;height:1em}.elementor-widget-text-editor .elementor-drop-cap{float:left;text-align:center;line-height:1;font-size:50px}.elementor-widget-text-editor .elementor-drop-cap-letter{display:inline-block}<\/style>\t\t\t\t<p>Devenez un expert francophone avec notre programme exclusif DELF B2<\/p><p>Vous souhaitez ma\u00eetriser le fran\u00e7ais et obtenir une certification internationalement reconnue ? Notre classe cible DELF B2 pour adultes est la cl\u00e9 de votre r\u00e9ussite linguistique. Con\u00e7u pour les apprenants de niveau interm\u00e9diaire et avanc\u00e9, ce cours intensif, qui se d\u00e9roule de novembre \u00e0 mai, vous permettra de passer du niveau B1 au prestigieux niveau B2 du Cadre europ\u00e9en commun de r\u00e9f\u00e9rence pour les langues (CECR), le niveau requis pour ouvrir des portes dans votre vie universitaire, professionnelle et personnelle.<\/p>\t\t\t\t\t\t<\/div>\n\t\t\t\t<\/div>\n\t\t\t\t<\/div>\n\t\t<div class=\"elementor-element elementor-element-ff8fcc9 e-con-full e-flex e-con e-parent\" data-id=\"ff8fcc9\" data-element_type=\"container\" data-settings=\"{&quot;content_width&quot;:&quot;full&quot;,&quot;container_type&quot;:&quot;flex&quot;}\" data-core-v316-plus=\"true\">\n\t\t\t\t<div class=\"elementor-element elementor-element-63a8f3f elementor-widget elementor-widget-image\" data-id=\"63a8f3f\" data-element_type=\"widget\" data-widget_type=\"image.default\">\n\t\t\t\t<div class=\"elementor-widget-container\">\n\t\t\t<style>\/*! elementor - v3.17.0 - 01-11-2023 *\/\n.elementor-widget-image{text-align:center}.elementor-widget-image a{display:inline-block}.elementor-widget-image a img[src$=\".svg\"]{width:48px}.elementor-widget-image img{vertical-align:middle;display:inline-block}<\/style>\t\t\t\t\t\t\t\t\t\t\t\t<img loading=\"lazy\" decoding=\"async\" width=\"1080\" height=\"720\" src=\"http:\/\/granadaflam.es\/wp-content\/uploads\/2023\/08\/frances_granada_academia_b2.png\" class=\"attachment-full size-full wp-image-14673\" alt=\"\" srcset=\"http:\/\/granadaflam.es\/wp-content\/uploads\/2023\/08\/frances_granada_academia_b2.png 1080w, http:\/\/granadaflam.es\/wp-content\/uploads\/2023\/08\/frances_granada_academia_b2-300x200.png 300w, http:\/\/granadaflam.es\/wp-content\/uploads\/2023\/08\/frances_granada_academia_b2-1024x683.png 1024w, http:\/\/granadaflam.es\/wp-content\/uploads\/2023\/08\/frances_granada_academia_b2-768x512.png 768w, http:\/\/granadaflam.es\/wp-content\/uploads\/2023\/08\/frances_granada_academia_b2-600x400.png 600w\" sizes=\"(max-width: 1080px) 100vw, 1080px\" \/>\t\t\t\t\t\t\t\t\t\t\t\t\t\t\t<\/div>\n\t\t\t\t<\/div>\n\t\t\t\t<\/div>\n\t\t<div class=\"elementor-element elementor-element-e884f2e e-con-full e-flex e-con e-parent\" data-id=\"e884f2e\" data-element_type=\"container\" data-settings=\"{&quot;content_width&quot;:&quot;full&quot;,&quot;container_type&quot;:&quot;flex&quot;}\" data-core-v316-plus=\"true\">\n\t\t\t\t<div class=\"elementor-element elementor-element-38bc396 elementor-widget elementor-widget-spacer\" data-id=\"38bc396\" data-element_type=\"widget\" data-widget_type=\"spacer.default\">\n\t\t\t\t<div class=\"elementor-widget-container\">\n\t\t\t<style>\/*! elementor - v3.17.0 - 01-11-2023 *\/\n.elementor-column .elementor-spacer-inner{height:var(--spacer-size)}.e-con{--container-widget-width:100%}.e-con-inner>.elementor-widget-spacer,.e-con>.elementor-widget-spacer{width:var(--container-widget-width,var(--spacer-size));--align-self:var(--container-widget-align-self,initial);--flex-shrink:0}.e-con-inner>.elementor-widget-spacer>.elementor-widget-container,.e-con>.elementor-widget-spacer>.elementor-widget-container{height:100%;width:100%}.e-con-inner>.elementor-widget-spacer>.elementor-widget-container>.elementor-spacer,.e-con>.elementor-widget-spacer>.elementor-widget-container>.elementor-spacer{height:100%}.e-con-inner>.elementor-widget-spacer>.elementor-widget-container>.elementor-spacer>.elementor-spacer-inner,.e-con>.elementor-widget-spacer>.elementor-widget-container>.elementor-spacer>.elementor-spacer-inner{height:var(--container-widget-height,var(--spacer-size))}.e-con-inner>.elementor-widget-spacer.elementor-widget-empty,.e-con>.elementor-widget-spacer.elementor-widget-empty{position:relative;min-height:22px;min-width:22px}.e-con-inner>.elementor-widget-spacer.elementor-widget-empty .elementor-widget-empty-icon,.e-con>.elementor-widget-spacer.elementor-widget-empty .elementor-widget-empty-icon{position:absolute;top:0;bottom:0;left:0;right:0;margin:auto;padding:0;width:22px;height:22px}<\/style>\t\t<div class=\"elementor-spacer\">\n\t\t\t<div class=\"elementor-spacer-inner\"><\/div>\n\t\t<\/div>\n\t\t\t\t<\/div>\n\t\t\t\t<\/div>\n\t\t\t\t<div class=\"elementor-element elementor-element-2220fde elementor-widget elementor-widget-image\" data-id=\"2220fde\" data-element_type=\"widget\" data-widget_type=\"image.default\">\n\t\t\t\t<div class=\"elementor-widget-container\">\n\t\t\t\t\t\t\t\t\t\t\t\t\t\t\t<img loading=\"lazy\" decoding=\"async\" width=\"600\" height=\"400\" src=\"http:\/\/granadaflam.es\/wp-content\/uploads\/2023\/08\/granada_academia_frances_B2.png\" class=\"attachment-full size-full wp-image-14647\" alt=\"\" srcset=\"http:\/\/granadaflam.es\/wp-content\/uploads\/2023\/08\/granada_academia_frances_B2.png 600w, http:\/\/granadaflam.es\/wp-content\/uploads\/2023\/08\/granada_academia_frances_B2-300x200.png 300w\" sizes=\"(max-width: 600px) 100vw, 600px\" \/>\t\t\t\t\t\t\t\t\t\t\t\t\t\t\t<\/div>\n\t\t\t\t<\/div>\n\t\t\t\t<\/div>\n\t\t<div class=\"elementor-element elementor-element-4be084a e-con-full e-flex e-con e-parent\" data-id=\"4be084a\" data-element_type=\"container\" data-settings=\"{&quot;content_width&quot;:&quot;full&quot;,&quot;container_type&quot;:&quot;flex&quot;}\" data-core-v316-plus=\"true\">\n\t\t\t\t<div class=\"elementor-element elementor-element-f4a9e33 elementor-widget elementor-widget-text-editor\" data-id=\"f4a9e33\" data-element_type=\"widget\" data-settings=\"{&quot;_animation&quot;:&quot;none&quot;}\" data-widget_type=\"text-editor.default\">\n\t\t\t\t<div class=\"elementor-widget-container\">\n\t\t\t\t\t\t\t<h1>Ce que vous obtiendrez<\/h1>\n<ol>\n<li>\n<p>Des <strong>professeurs exp\u00e9riment\u00e9s :<\/strong> apprenez avec des professeurs natifs hautement qualifi\u00e9s ayant une grande exp\u00e9rience dans la pr\u00e9paration du DELF B2. Ils vous guideront \u00e0 chaque \u00e9tape pour atteindre vos objectifs.<\/p>\n<\/li>\n<li>\n<p><strong>Approche communicative :<\/strong> notre approche p\u00e9dagogique ax\u00e9e sur la communication vous permettra de d\u00e9velopper des comp\u00e9tences pratiques pour interagir dans des situations quotidiennes et professionnelles.<\/p>\n<\/li>\n<li>\n<p><strong>Pr\u00e9paration compl\u00e8te au DELF B2 :<\/strong> Entra\u00eenez-vous avec des examens blancs et des activit\u00e9s sp\u00e9cifiques au DELF B2, pour \u00eatre s\u00fbr de vous le jour de l&#8217;examen.<\/p>\n<\/li>\n<li>\n<p><strong>Ressources d&#8217;apprentissage avanc\u00e9es :<\/strong> acc\u00e9dez \u00e0 des ressources et du mat\u00e9riel de haute qualit\u00e9, depuis des manuels actualis\u00e9s jusqu&#8217;\u00e0 des outils num\u00e9riques interactifs pour stimuler vos progr\u00e8s.<\/p>\n<\/li>\n<li>\n<p><strong>Petites classes :<\/strong> notre approche personnalis\u00e9e vous garantit une attention individuelle et une participation active en classe.<\/p>\n<\/li>\n<li>\n<p>Immersion <strong>culturelle :<\/strong> plongez dans la riche culture francophone gr\u00e2ce \u00e0 des activit\u00e9s culturelles, des conf\u00e9rences th\u00e9matiques et des \u00e9v\u00e9nements sp\u00e9ciaux.<\/p>\n<\/li>\n<li>\n<p><strong>Certification reconnue :<\/strong> \u00e0 l&#8217;issue de la formation, vous recevrez un certificat de r\u00e9ussite et serez pr\u00eat \u00e0 passer l&#8217;examen DELF B2 en toute confiance.<\/p>\n<\/li>\n<\/ol>\n\t\t\t\t\t\t<\/div>\n\t\t\t\t<\/div>\n\t\t\t\t<\/div>\n\t\t\t\t\t<\/div>\n\t\t\t\t<\/div>\n\t\t<div class=\"elementor-element elementor-element-aeefdc2 e-flex e-con-boxed e-con e-parent\" data-id=\"aeefdc2\" data-element_type=\"container\" data-settings=\"{&quot;shape_divider_top&quot;:&quot;triangle-asymmetrical&quot;,&quot;shape_divider_bottom&quot;:&quot;tilt&quot;,&quot;container_type&quot;:&quot;flex&quot;,&quot;content_width&quot;:&quot;boxed&quot;}\" data-core-v316-plus=\"true\">\n\t\t\t\t\t<div class=\"e-con-inner\">\n\t\t\t\t<div class=\"elementor-shape elementor-shape-top\" data-negative=\"false\">\n\t\t\t<svg xmlns=\"http:\/\/www.w3.org\/2000\/svg\" viewBox=\"0 0 1000 100\" preserveAspectRatio=\"none\">\n\t<path class=\"elementor-shape-fill\" d=\"M738,99l262-93V0H0v5.6L738,99z\"\/>\n<\/svg>\t\t<\/div>\n\t\t\t\t<div class=\"elementor-shape elementor-shape-bottom\" data-negative=\"false\">\n\t\t\t<svg xmlns=\"http:\/\/www.w3.org\/2000\/svg\" viewBox=\"0 0 1000 100\" preserveAspectRatio=\"none\">\n\t<path class=\"elementor-shape-fill\" d=\"M0,6V0h1000v100L0,6z\"\/>\n<\/svg>\t\t<\/div>\n\t\t<div class=\"elementor-element elementor-element-d32a206 e-con-full e-flex e-con e-parent\" data-id=\"d32a206\" data-element_type=\"container\" data-settings=\"{&quot;content_width&quot;:&quot;full&quot;,&quot;container_type&quot;:&quot;flex&quot;}\" data-core-v316-plus=\"true\">\n\t\t\t\t<div class=\"elementor-element elementor-element-34e0ce9 elementor-widget elementor-widget-text-editor\" data-id=\"34e0ce9\" data-element_type=\"widget\" data-settings=\"{&quot;_animation&quot;:&quot;none&quot;}\" data-widget_type=\"text-editor.default\">\n\t\t\t\t<div class=\"elementor-widget-container\">\n\t\t\t\t\t\t\t<blockquote>\n<h3>Ne manquez pas cette occasion unique d&#8217;am\u00e9liorer votre fran\u00e7ais et d&#8217;atteindre le niveau B2 en seulement six mois ! Inscrivez-vous d\u00e8s maintenant \u00e0 notre cours DELF B2 Target pour adultes. Les places sont limit\u00e9es, r\u00e9servez la v\u00f4tre d\u00e8s aujourd&#8217;hui !<\/h3>\n<\/blockquote>\n\t\t\t\t\t\t<\/div>\n\t\t\t\t<\/div>\n\t\t\t\t<\/div>\n\t\t<div class=\"elementor-element elementor-element-cb8de45 e-con-full e-flex e-con e-parent\" data-id=\"cb8de45\" data-element_type=\"container\" data-settings=\"{&quot;content_width&quot;:&quot;full&quot;,&quot;container_type&quot;:&quot;flex&quot;}\" data-core-v316-plus=\"true\">\n\t\t\t\t<div class=\"elementor-element elementor-element-6e57cf2 elementor-widget elementor-widget-image\" data-id=\"6e57cf2\" data-element_type=\"widget\" data-widget_type=\"image.default\">\n\t\t\t\t<div class=\"elementor-widget-container\">\n\t\t\t\t\t\t\t\t\t\t\t\t\t\t\t<img loading=\"lazy\" decoding=\"async\" width=\"640\" height=\"640\" src=\"http:\/\/granadaflam.es\/wp-content\/uploads\/2023\/08\/academia_frances_granada_B1_B2_C1_-1024x1024.jpg\" class=\"attachment-large size-large wp-image-14649\" alt=\"\" srcset=\"http:\/\/granadaflam.es\/wp-content\/uploads\/2023\/08\/academia_frances_granada_B1_B2_C1_-1024x1024.jpg 1024w, http:\/\/granadaflam.es\/wp-content\/uploads\/2023\/08\/academia_frances_granada_B1_B2_C1_-300x300.jpg 300w, http:\/\/granadaflam.es\/wp-content\/uploads\/2023\/08\/academia_frances_granada_B1_B2_C1_-150x150.jpg 150w, http:\/\/granadaflam.es\/wp-content\/uploads\/2023\/08\/academia_frances_granada_B1_B2_C1_-768x768.jpg 768w, http:\/\/granadaflam.es\/wp-content\/uploads\/2023\/08\/academia_frances_granada_B1_B2_C1_-1536x1536.jpg 1536w, http:\/\/granadaflam.es\/wp-content\/uploads\/2023\/08\/academia_frances_granada_B1_B2_C1_-2048x2048.jpg 2048w, http:\/\/granadaflam.es\/wp-content\/uploads\/2023\/08\/academia_frances_granada_B1_B2_C1_-600x600.jpg 600w, http:\/\/granadaflam.es\/wp-content\/uploads\/2023\/08\/academia_frances_granada_B1_B2_C1_-100x100.jpg 100w\" sizes=\"(max-width: 640px) 100vw, 640px\" \/>\t\t\t\t\t\t\t\t\t\t\t\t\t\t\t<\/div>\n\t\t\t\t<\/div>\n\t\t\t\t<\/div>\n\t\t<div class=\"elementor-element elementor-element-8a17405 e-con-full e-flex e-con e-parent\" data-id=\"8a17405\" data-element_type=\"container\" data-settings=\"{&quot;content_width&quot;:&quot;full&quot;,&quot;container_type&quot;:&quot;flex&quot;}\" data-core-v316-plus=\"true\">\n\t\t\t\t<\/div>\n\t\t<div class=\"elementor-element elementor-element-632e290 e-con-full e-flex e-con e-parent\" data-id=\"632e290\" data-element_type=\"container\" data-settings=\"{&quot;content_width&quot;:&quot;full&quot;,&quot;container_type&quot;:&quot;flex&quot;}\" data-core-v316-plus=\"true\">\n\t\t\t\t<\/div>\n\t\t\t\t\t<\/div>\n\t\t\t\t<\/div>\n\t\t<div class=\"elementor-element elementor-element-45e1058 e-flex e-con-boxed e-con e-parent\" data-id=\"45e1058\" data-element_type=\"container\" data-settings=\"{&quot;shape_divider_top&quot;:&quot;triangle&quot;,&quot;shape_divider_bottom&quot;:&quot;tilt&quot;,&quot;container_type&quot;:&quot;flex&quot;,&quot;content_width&quot;:&quot;boxed&quot;}\" data-core-v316-plus=\"true\">\n\t\t\t\t\t<div class=\"e-con-inner\">\n\t\t\t\t<div class=\"elementor-shape elementor-shape-top\" data-negative=\"false\">\n\t\t\t<svg xmlns=\"http:\/\/www.w3.org\/2000\/svg\" viewBox=\"0 0 1000 100\" preserveAspectRatio=\"none\">\n\t<path class=\"elementor-shape-fill\" d=\"M500,98.9L0,6.1V0h1000v6.1L500,98.9z\"\/>\n<\/svg>\t\t<\/div>\n\t\t\t\t<div class=\"elementor-shape elementor-shape-bottom\" data-negative=\"false\">\n\t\t\t<svg xmlns=\"http:\/\/www.w3.org\/2000\/svg\" viewBox=\"0 0 1000 100\" preserveAspectRatio=\"none\">\n\t<path class=\"elementor-shape-fill\" d=\"M0,6V0h1000v100L0,6z\"\/>\n<\/svg>\t\t<\/div>\n\t\t<div class=\"elementor-element elementor-element-dd6e58f e-con-full e-flex e-con e-parent\" data-id=\"dd6e58f\" data-element_type=\"container\" data-settings=\"{&quot;content_width&quot;:&quot;full&quot;,&quot;container_type&quot;:&quot;flex&quot;}\" data-core-v316-plus=\"true\">\n\t\t\t\t<div class=\"elementor-element elementor-element-415dfbb elementor-invisible elementor-widget elementor-widget-text-editor\" data-id=\"415dfbb\" data-element_type=\"widget\" data-settings=\"{&quot;_animation&quot;:&quot;slideInLeft&quot;}\" data-widget_type=\"text-editor.default\">\n\t\t\t\t<div class=\"elementor-widget-container\">\n\t\t\t\t\t\t\t<p>Le DELF B2 (Dipl\u00f4me d&#8217;\u00c9tudes en Langue Fran\u00e7aise) est un dipl\u00f4me officiel qui certifie un niveau interm\u00e9diaire-avanc\u00e9 de comp\u00e9tence en fran\u00e7ais selon le Cadre europ\u00e9en commun de r\u00e9f\u00e9rence pour les langues (CECR).<\/p>\n<blockquote>\n<h4><strong>Avoir un DELF B2 peut \u00eatre tr\u00e8s utile et b\u00e9n\u00e9fique dans le monde acad\u00e9mique et professionnel.  <\/strong><\/h4>\n<\/blockquote>\n<p>En voici quelques-unes :<\/p>\n<ol>\n<li><strong>Conditions d&#8217;admission \u00e0 l&#8217;universit\u00e9 :<\/strong> de nombreuses universit\u00e9s et programmes universitaires dans les pays francophones ou dans lesquels le fran\u00e7ais est enseign\u00e9 comme langue d&#8217;instruction peuvent exiger des tests de comp\u00e9tence linguistique. Le DELF B2 r\u00e9pond \u00e0 cette exigence et permet aux \u00e9tudiants internationaux d&#8217;acc\u00e9der \u00e0 des programmes de premier ou de deuxi\u00e8me cycle.<\/li>\n<\/ol>\n<p><strong>2. Cr\u00e9dits acad\u00e9miques :<\/strong> dans certains \u00e9tablissements d&#8217;enseignement, l&#8217;obtention du DELF B2 peut donner lieu \u00e0 des cr\u00e9dits acad\u00e9miques suppl\u00e9mentaires ou \u00eatre reconnue comme une certification valide pour l&#8217;avancement dans des cours ou des programmes linguistiques sp\u00e9cifiques.<\/p>\n<p><strong>3. Possibilit\u00e9s d&#8217;\u00e9changes d&#8217;\u00e9tudiants :<\/strong> pour ceux qui souhaitent participer \u00e0 des programmes d&#8217;\u00e9changes d&#8217;\u00e9tudiants dans des pays francophones, le DELF B2 peut \u00eatre exig\u00e9 pour d\u00e9montrer la capacit\u00e9 \u00e0 communiquer efficacement pendant le s\u00e9jour \u00e0 l&#8217;\u00e9tranger.<\/p>\n<p><strong>4. Avantage sur le march\u00e9 du travail :<\/strong> dans le domaine professionnel, le fait de poss\u00e9der le DELF B2 est un avantage significatif, en particulier dans les entreprises internationales ou dans les secteurs qui entretiennent des relations commerciales avec les pays francophones. La connaissance du fran\u00e7ais peut accro\u00eetre vos chances de trouver un emploi dans diff\u00e9rents secteurs.<\/p>\n<p><strong>5. Carri\u00e8res li\u00e9es aux langues :<\/strong> pour ceux qui souhaitent faire carri\u00e8re dans l&#8217;enseignement du fran\u00e7ais, la traduction, l&#8217;interpr\u00e9tation, le tourisme ou tout autre domaine impliquant une communication avec des francophones, le DELF B2 peut \u00eatre une condition pr\u00e9alable ou un avantage pour acc\u00e9der \u00e0 ces opportunit\u00e9s.<\/p>\n<p><strong>6. Reconnaissance internationale :<\/strong> le DELF B2 est un dipl\u00f4me reconnu dans le monde entier et d\u00e9livr\u00e9 par le minist\u00e8re fran\u00e7ais de l&#8217;\u00e9ducation nationale, ce qui garantit sa validit\u00e9 et son prestige dans le domaine de l&#8217;enseignement du fran\u00e7ais langue \u00e9trang\u00e8re.<\/p>\n<p><strong>7. Confiance en soi et d\u00e9veloppement personnel :<\/strong> l&#8217;obtention du DELF B2 implique une r\u00e9ussite significative dans l&#8217;apprentissage d&#8217;une langue \u00e9trang\u00e8re. Cela renforce la confiance en soi et donne un sentiment d&#8217;accomplissement personnel, ce qui peut \u00eatre b\u00e9n\u00e9fique pour votre d\u00e9veloppement dans divers aspects de la vie.<\/p>\n\t\t\t\t\t\t<\/div>\n\t\t\t\t<\/div>\n\t\t\t\t<\/div>\n\t\t<div class=\"elementor-element elementor-element-a0a28b3 e-con-full e-flex e-con e-parent\" data-id=\"a0a28b3\" data-element_type=\"container\" data-settings=\"{&quot;content_width&quot;:&quot;full&quot;,&quot;container_type&quot;:&quot;flex&quot;}\" data-core-v316-plus=\"true\">\n\t\t\t\t<div class=\"elementor-element elementor-element-cf4301b elementor-widget elementor-widget-image\" data-id=\"cf4301b\" data-element_type=\"widget\" data-widget_type=\"image.default\">\n\t\t\t\t<div class=\"elementor-widget-container\">\n\t\t\t\t\t\t\t\t\t\t\t\t\t\t\t<img loading=\"lazy\" decoding=\"async\" width=\"640\" height=\"389\" src=\"http:\/\/granadaflam.es\/wp-content\/uploads\/2023\/06\/personas-plano-medio-que-planean-viaje-mesa-scaled-1024x623.jpg\" class=\"attachment-large size-large wp-image-13636\" alt=\"\" srcset=\"http:\/\/granadaflam.es\/wp-content\/uploads\/2023\/06\/personas-plano-medio-que-planean-viaje-mesa-scaled-1024x623.jpg 1024w, http:\/\/granadaflam.es\/wp-content\/uploads\/2023\/06\/personas-plano-medio-que-planean-viaje-mesa-scaled-300x183.jpg 300w, http:\/\/granadaflam.es\/wp-content\/uploads\/2023\/06\/personas-plano-medio-que-planean-viaje-mesa-768x467.jpg 768w, http:\/\/granadaflam.es\/wp-content\/uploads\/2023\/06\/personas-plano-medio-que-planean-viaje-mesa-1536x935.jpg 1536w, http:\/\/granadaflam.es\/wp-content\/uploads\/2023\/06\/personas-plano-medio-que-planean-viaje-mesa-2048x1247.jpg 2048w, http:\/\/granadaflam.es\/wp-content\/uploads\/2023\/06\/personas-plano-medio-que-planean-viaje-mesa-600x365.jpg 600w\" sizes=\"(max-width: 640px) 100vw, 640px\" \/>\t\t\t\t\t\t\t\t\t\t\t\t\t\t\t<\/div>\n\t\t\t\t<\/div>\n\t\t\t\t<div class=\"elementor-element elementor-element-9b300ef elementor-widget elementor-widget-text-editor\" data-id=\"9b300ef\" data-element_type=\"widget\" data-widget_type=\"text-editor.default\">\n\t\t\t\t<div class=\"elementor-widget-container\">\n\t\t\t\t\t\t\t<p>N&#8217;attendez plus !<\/p>\n<p>R\u00e9servez votre place dans notre cours exclusif Objetivo B2 et progressez vers l&#8217;excellence en fran\u00e7ais.<\/p>\n<p>Inscrivez-vous d\u00e8s maintenant et partez \u00e0 la conqu\u00eate de nouvelles opportunit\u00e9s et exp\u00e9riences dans le monde francophone !<\/p>\n\t\t\t\t\t\t<\/div>\n\t\t\t\t<\/div>\n\t\t\t\t<div class=\"elementor-element elementor-element-11e38a5 elementor-widget elementor-widget-image\" data-id=\"11e38a5\" data-element_type=\"widget\" data-widget_type=\"image.default\">\n\t\t\t\t<div class=\"elementor-widget-container\">\n\t\t\t\t\t\t\t\t\t\t\t\t\t\t\t<img loading=\"lazy\" decoding=\"async\" width=\"640\" height=\"960\" src=\"http:\/\/granadaflam.es\/wp-content\/uploads\/2023\/08\/granada_academia_frances_B2_examen-683x1024.png\" class=\"attachment-large size-large wp-image-14657\" alt=\"\" srcset=\"http:\/\/granadaflam.es\/wp-content\/uploads\/2023\/08\/granada_academia_frances_B2_examen-683x1024.png 683w, http:\/\/granadaflam.es\/wp-content\/uploads\/2023\/08\/granada_academia_frances_B2_examen-200x300.png 200w, http:\/\/granadaflam.es\/wp-content\/uploads\/2023\/08\/granada_academia_frances_B2_examen-600x900.png 600w, http:\/\/granadaflam.es\/wp-content\/uploads\/2023\/08\/granada_academia_frances_B2_examen.png 720w\" sizes=\"(max-width: 640px) 100vw, 640px\" \/>\t\t\t\t\t\t\t\t\t\t\t\t\t\t\t<\/div>\n\t\t\t\t<\/div>\n\t\t\t\t<\/div>\n\t\t<div class=\"elementor-element elementor-element-0aa68b6 e-con-full e-flex e-con e-parent\" data-id=\"0aa68b6\" data-element_type=\"container\" data-settings=\"{&quot;content_width&quot;:&quot;full&quot;,&quot;container_type&quot;:&quot;flex&quot;}\" data-core-v316-plus=\"true\">\n\t\t\t\t<div class=\"elementor-element elementor-element-c36eca5 elementor-widget elementor-widget-text-editor\" data-id=\"c36eca5\" data-element_type=\"widget\" data-settings=\"{&quot;_animation&quot;:&quot;none&quot;}\" data-widget_type=\"text-editor.default\">\n\t\t\t\t<div class=\"elementor-widget-container\">\n\t\t\t\t\t\t\t<h1>III- Calendrier<\/h1>\n<p>Les cours de <strong>pr\u00e9paration \u00e0 l&#8217;examen de fran\u00e7ais DALF B2<\/strong> auront lieu le matin en ligne ou en personne (locaux de Moebius).<\/p>\n<p>3 heures par semaine<\/p>\n<blockquote>\n<h3 style=\"text-align: left;\"><span style=\"color: #ef0000;\">Le cours commence en novembre 2023 et se termine en mai 2024.<\/span><\/h3>\n<p><em>(conform\u00e9ment au <strong>calendrier scolaire de la Junta de Andaluc\u00eda)<\/strong><\/em><\/p>\n<\/blockquote>\n<h1>IV- Tarifs<\/h1>\n<div>\n<h2><span style=\"color: #005663;\"><b>R\u00e9ductions<\/b><\/span><\/h2>\n<ul>\n<li style=\"font-weight: 400;\" aria-level=\"1\"><span style=\"font-weight: 400;\">Inscription gratuite <\/span><span style=\"font-weight: 400;\">si vous vous inscrivez avant le 20 octobre 2023<\/span><\/li>\n<li style=\"font-weight: 400;\" aria-level=\"1\">10% de r\u00e9duction pour les familles<\/li>\n<li style=\"font-weight: 400;\" aria-level=\"1\"><span style=\"font-weight: 400;\">10%<\/span><span style=\"font-weight: 400;\"> de r\u00e9duction le premier mois si vous vous inscrivez avec un ami<\/span><\/li>\n<\/ul>\n<\/div>\n<div>\n<h6><em>*Remises non cumulatives<\/em><\/h6>\n<\/div>\n<div>\n<hr>\n<\/div>\n<div>La proposition peut \u00eatre contract\u00e9e sur une base mensuelle, trimestrielle ou annuelle, en fonction des pr\u00e9f\u00e9rences et de la disponibilit\u00e9 des parties int\u00e9ress\u00e9es.<\/div>\n<div>\n<h3> <\/h3>\n<\/div>\n<div><strong>Frais d&#8217;inscription : 20\u20ac.<\/strong><\/div>\n<ul>\n<li><strong>Cotisation annuelle : 635<\/strong> <\/li>\n<li><strong>Prix trimestriel : 225\u20ac.<\/strong><\/li>\n<li><strong>Prix par mois : 80\u20ac.<\/strong><\/li>\n<\/ul>\n<hr>\n\t\t\t\t\t\t<\/div>\n\t\t\t\t<\/div>\n\t\t\t\t<\/div>\n\t\t<div class=\"elementor-element elementor-element-ff0a2e8 e-con-full e-flex e-con e-parent\" data-id=\"ff0a2e8\" data-element_type=\"container\" data-settings=\"{&quot;content_width&quot;:&quot;full&quot;,&quot;container_type&quot;:&quot;flex&quot;}\" data-core-v316-plus=\"true\">\n\t\t\t\t<div class=\"elementor-element elementor-element-eb49748 elementor-widget elementor-widget-heading\" data-id=\"eb49748\" data-element_type=\"widget\" data-widget_type=\"heading.default\">\n\t\t\t\t<div class=\"elementor-widget-container\">\n\t\t\t<h2 class=\"elementor-heading-title elementor-size-default\">PLACES LIMIT\u00c9ES<\/h2>\t\t<\/div>\n\t\t\t\t<\/div>\n\t\t\t\t<div class=\"elementor-element elementor-element-9151a3f elementor-widget elementor-widget-heading\" data-id=\"9151a3f\" data-element_type=\"widget\" data-widget_type=\"heading.default\">\n\t\t\t\t<div class=\"elementor-widget-container\">\n\t\t\t<h2 class=\"elementor-heading-title elementor-size-default\">PETIT COMIT\u00c9<\/h2>\t\t<\/div>\n\t\t\t\t<\/div>\n\t\t\t\t<div class=\"elementor-element elementor-element-1b36478 elementor-widget elementor-widget-image\" data-id=\"1b36478\" data-element_type=\"widget\" data-widget_type=\"image.default\">\n\t\t\t\t<div class=\"elementor-widget-container\">\n\t\t\t\t\t\t\t\t\t\t\t\t\t\t\t<img loading=\"lazy\" decoding=\"async\" width=\"636\" height=\"1024\" src=\"http:\/\/granadaflam.es\/wp-content\/uploads\/2023\/08\/granada_academia_frances_DELF_DALF_TEF-B2-636x1024.png\" class=\"attachment-large size-large wp-image-14651\" alt=\"\" srcset=\"http:\/\/granadaflam.es\/wp-content\/uploads\/2023\/08\/granada_academia_frances_DELF_DALF_TEF-B2-636x1024.png 636w, http:\/\/granadaflam.es\/wp-content\/uploads\/2023\/08\/granada_academia_frances_DELF_DALF_TEF-B2-186x300.png 186w, http:\/\/granadaflam.es\/wp-content\/uploads\/2023\/08\/granada_academia_frances_DELF_DALF_TEF-B2-600x966.png 600w, http:\/\/granadaflam.es\/wp-content\/uploads\/2023\/08\/granada_academia_frances_DELF_DALF_TEF-B2.png 671w\" sizes=\"(max-width: 636px) 100vw, 636px\" \/>\t\t\t\t\t\t\t\t\t\t\t\t\t\t\t<\/div>\n\t\t\t\t<\/div>\n\t\t\t\t<\/div>\n\t\t\t\t\t<\/div>\n\t\t\t\t<\/div>\n\t\t<div class=\"elementor-element elementor-element-8d90eba e-flex e-con-boxed e-con e-parent\" data-id=\"8d90eba\" data-element_type=\"container\" data-settings=\"{&quot;background_background&quot;:&quot;classic&quot;,&quot;container_type&quot;:&quot;flex&quot;,&quot;content_width&quot;:&quot;boxed&quot;}\" data-core-v316-plus=\"true\">\n\t\t\t\t\t<div class=\"e-con-inner\">\n\t\t<div class=\"elementor-element elementor-element-82183c1 e-flex e-con-boxed e-con e-parent\" data-id=\"82183c1\" data-element_type=\"container\" data-settings=\"{&quot;container_type&quot;:&quot;flex&quot;,&quot;content_width&quot;:&quot;boxed&quot;}\" data-core-v316-plus=\"true\">\n\t\t\t\t\t<div class=\"e-con-inner\">\n\t\t\t\t<div class=\"elementor-element elementor-element-1e501a2 animated-slow elementor-invisible elementor-widget elementor-widget-heading\" data-id=\"1e501a2\" data-element_type=\"widget\" data-settings=\"{&quot;_animation&quot;:&quot;slideInUp&quot;}\" data-widget_type=\"heading.default\">\n\t\t\t\t<div class=\"elementor-widget-container\">\n\t\t\t<h2 class=\"elementor-heading-title elementor-size-default\">Un outil num\u00e9rique con\u00e7u pour faciliter l'acc\u00e8s au contenu des cours de mani\u00e8re pratique et organis\u00e9e.<\/h2>\t\t<\/div>\n\t\t\t\t<\/div>\n\t\t\t\t<div class=\"elementor-element elementor-element-ffd36cc animated-slow elementor-invisible elementor-widget elementor-widget-heading\" data-id=\"ffd36cc\" data-element_type=\"widget\" data-settings=\"{&quot;_animation&quot;:&quot;slideInUp&quot;}\" data-widget_type=\"heading.default\">\n\t\t\t\t<div class=\"elementor-widget-container\">\n\t\t\t<h2 class=\"elementor-heading-title elementor-size-default\">Notre plateforme d'apprentissage en ligne<\/h2>\t\t<\/div>\n\t\t\t\t<\/div>\n\t\t\t\t<div class=\"elementor-element elementor-element-29fc639 elementor-widget elementor-widget-spacer\" data-id=\"29fc639\" data-element_type=\"widget\" data-widget_type=\"spacer.default\">\n\t\t\t\t<div class=\"elementor-widget-container\">\n\t\t\t\t\t<div class=\"elementor-spacer\">\n\t\t\t<div class=\"elementor-spacer-inner\"><\/div>\n\t\t<\/div>\n\t\t\t\t<\/div>\n\t\t\t\t<\/div>\n\t\t\t\t<div class=\"elementor-element elementor-element-21e0dbe elementor-widget elementor-widget-text-editor\" data-id=\"21e0dbe\" data-element_type=\"widget\" data-widget_type=\"text-editor.default\">\n\t\t\t\t<div class=\"elementor-widget-container\">\n\t\t\t\t\t\t\t<p style=\"text-align: justify;\"><span style=\"color: #ffffff;\">Notre plateforme d&#8217;apprentissage en ligne offre la <b>flexibilit\u00e9 <\/b>et la commodit\u00e9 d&#8217;<b>acc\u00e9der au contenu des cours<\/b> \u00e0 tout moment et depuis n&#8217;importe quel endroit disposant d&#8217;une connexion Internet. Il <b>encourage<\/b> \u00e9galement <b>l&#8217;interaction<\/b> et la <b>participation active<\/b>, ce qui constitue une exp\u00e9rience enrichissante pour les participants au cours.<\/span><\/p>\n\t\t\t\t\t\t<\/div>\n\t\t\t\t<\/div>\n\t\t\t\t<div class=\"elementor-element elementor-element-b57b637 elementor-widget-divider--view-line elementor-widget elementor-widget-divider\" data-id=\"b57b637\" data-element_type=\"widget\" data-widget_type=\"divider.default\">\n\t\t\t\t<div class=\"elementor-widget-container\">\n\t\t\t\t\t<div class=\"elementor-divider\">\n\t\t\t<span class=\"elementor-divider-separator\">\n\t\t\t\t\t\t<\/span>\n\t\t<\/div>\n\t\t\t\t<\/div>\n\t\t\t\t<\/div>\n\t\t\t\t\t<\/div>\n\t\t\t\t<\/div>\n\t\t<div class=\"elementor-element elementor-element-3429834 e-con-full e-flex e-con e-parent\" data-id=\"3429834\" data-element_type=\"container\" data-settings=\"{&quot;content_width&quot;:&quot;full&quot;,&quot;container_type&quot;:&quot;flex&quot;}\" data-core-v316-plus=\"true\">\n\t\t<div class=\"elementor-element elementor-element-5f1fd9b e-con-full e-flex e-con e-parent\" data-id=\"5f1fd9b\" data-element_type=\"container\" data-settings=\"{&quot;content_width&quot;:&quot;full&quot;,&quot;container_type&quot;:&quot;flex&quot;}\" data-core-v316-plus=\"true\">\n\t\t\t\t<div class=\"elementor-element elementor-element-224f009 elementor-widget elementor-widget-heading\" data-id=\"224f009\" data-element_type=\"widget\" data-widget_type=\"heading.default\">\n\t\t\t\t<div class=\"elementor-widget-container\">\n\t\t\t<h3 class=\"elementor-heading-title elementor-size-default\">Contenu du cours<\/h3>\t\t<\/div>\n\t\t\t\t<\/div>\n\t\t\t\t<div class=\"elementor-element elementor-element-027532f elementor-position-top elementor-widget elementor-widget-image-box\" data-id=\"027532f\" data-element_type=\"widget\" data-widget_type=\"image-box.default\">\n\t\t\t\t<div class=\"elementor-widget-container\">\n\t\t\t<style>.elementor-widget-image-box .elementor-image-box-content{width:100%}@media (min-width:768px){.elementor-widget-image-box.elementor-position-left .elementor-image-box-wrapper,.elementor-widget-image-box.elementor-position-right .elementor-image-box-wrapper{display:flex}.elementor-widget-image-box.elementor-position-right .elementor-image-box-wrapper{text-align:right;flex-direction:row-reverse}.elementor-widget-image-box.elementor-position-left .elementor-image-box-wrapper{text-align:left;flex-direction:row}.elementor-widget-image-box.elementor-position-top .elementor-image-box-img{margin:auto}.elementor-widget-image-box.elementor-vertical-align-top .elementor-image-box-wrapper{align-items:flex-start}.elementor-widget-image-box.elementor-vertical-align-middle .elementor-image-box-wrapper{align-items:center}.elementor-widget-image-box.elementor-vertical-align-bottom .elementor-image-box-wrapper{align-items:flex-end}}@media (max-width:767px){.elementor-widget-image-box .elementor-image-box-img{margin-left:auto!important;margin-right:auto!important;margin-bottom:15px}}.elementor-widget-image-box .elementor-image-box-img{display:inline-block}.elementor-widget-image-box .elementor-image-box-title a{color:inherit}.elementor-widget-image-box .elementor-image-box-wrapper{text-align:center}.elementor-widget-image-box .elementor-image-box-description{margin:0}<\/style><div class=\"elementor-image-box-wrapper\"><figure class=\"elementor-image-box-img\"><img loading=\"lazy\" decoding=\"async\" width=\"150\" height=\"150\" src=\"http:\/\/granadaflam.es\/wp-content\/uploads\/2022\/03\/img_flam_granada_Mesa-de-trabajo-1-150x150.png\" class=\"attachment-thumbnail size-thumbnail wp-image-12962\" alt=\"\" srcset=\"http:\/\/granadaflam.es\/wp-content\/uploads\/2022\/03\/img_flam_granada_Mesa-de-trabajo-1-150x150.png 150w, http:\/\/granadaflam.es\/wp-content\/uploads\/2022\/03\/img_flam_granada_Mesa-de-trabajo-1-300x300.png 300w, http:\/\/granadaflam.es\/wp-content\/uploads\/2022\/03\/img_flam_granada_Mesa-de-trabajo-1-1024x1024.png 1024w, http:\/\/granadaflam.es\/wp-content\/uploads\/2022\/03\/img_flam_granada_Mesa-de-trabajo-1-768x768.png 768w, http:\/\/granadaflam.es\/wp-content\/uploads\/2022\/03\/img_flam_granada_Mesa-de-trabajo-1-600x600.png 600w, http:\/\/granadaflam.es\/wp-content\/uploads\/2022\/03\/img_flam_granada_Mesa-de-trabajo-1-100x100.png 100w, http:\/\/granadaflam.es\/wp-content\/uploads\/2022\/03\/img_flam_granada_Mesa-de-trabajo-1.png 1042w\" sizes=\"(max-width: 150px) 100vw, 150px\" \/><\/figure><div class=\"elementor-image-box-content\"><p class=\"elementor-image-box-description\">Sur la plateforme, les participants trouveront tout le contenu li\u00e9 au cours. Il peut s'agir de vid\u00e9os, de pr\u00e9sentations, de documents PDF, de liens vers des ressources externes, de forums de discussion et d'autres mat\u00e9riels d'apprentissage.  \n\nTout le mat\u00e9riel est organis\u00e9 en sections ou en modules pour faciliter la navigation et l'acc\u00e8s.<\/p><\/div><\/div>\t\t<\/div>\n\t\t\t\t<\/div>\n\t\t\t\t<\/div>\n\t\t<div class=\"elementor-element elementor-element-587ba2f e-con-full e-flex e-con e-parent\" data-id=\"587ba2f\" data-element_type=\"container\" data-settings=\"{&quot;content_width&quot;:&quot;full&quot;,&quot;container_type&quot;:&quot;flex&quot;}\" data-core-v316-plus=\"true\">\n\t\t\t\t<div class=\"elementor-element elementor-element-f3619b5 elementor-widget elementor-widget-heading\" data-id=\"f3619b5\" data-element_type=\"widget\" data-widget_type=\"heading.default\">\n\t\t\t\t<div class=\"elementor-widget-container\">\n\t\t\t<h3 class=\"elementor-heading-title elementor-size-default\">Interaction et communication<\/h3>\t\t<\/div>\n\t\t\t\t<\/div>\n\t\t\t\t<div class=\"elementor-element elementor-element-07fa3d5 elementor-position-top elementor-widget elementor-widget-image-box\" data-id=\"07fa3d5\" data-element_type=\"widget\" data-widget_type=\"image-box.default\">\n\t\t\t\t<div class=\"elementor-widget-container\">\n\t\t\t<div class=\"elementor-image-box-wrapper\"><figure class=\"elementor-image-box-img\"><img loading=\"lazy\" decoding=\"async\" width=\"127\" height=\"128\" src=\"http:\/\/granadaflam.es\/wp-content\/uploads\/2022\/02\/earth_18022022.png\" class=\"attachment-thumbnail size-thumbnail wp-image-12842\" alt=\"\" srcset=\"http:\/\/granadaflam.es\/wp-content\/uploads\/2022\/02\/earth_18022022.png 127w, http:\/\/granadaflam.es\/wp-content\/uploads\/2022\/02\/earth_18022022-100x100.png 100w\" sizes=\"(max-width: 127px) 100vw, 127px\" \/><\/figure><div class=\"elementor-image-box-content\"><p class=\"elementor-image-box-description\">Notre plateforme d'apprentissage en ligne offre \u00e9galement des outils de communication pour faciliter l'interaction entre les participants et les formateurs. Il peut s'agir d'un syst\u00e8me de messagerie interne et de forums de discussion.  \n\nLes participants peuvent poser des questions, partager des id\u00e9es et recevoir un retour d'information de la part des formateurs et de leurs pairs.<\/p><\/div><\/div>\t\t<\/div>\n\t\t\t\t<\/div>\n\t\t\t\t<\/div>\n\t\t<div class=\"elementor-element elementor-element-60da3d2 e-con-full e-flex e-con e-parent\" data-id=\"60da3d2\" data-element_type=\"container\" data-settings=\"{&quot;content_width&quot;:&quot;full&quot;,&quot;container_type&quot;:&quot;flex&quot;}\" data-core-v316-plus=\"true\">\n\t\t\t\t<div class=\"elementor-element elementor-element-76637a2 elementor-widget elementor-widget-heading\" data-id=\"76637a2\" data-element_type=\"widget\" data-widget_type=\"heading.default\">\n\t\t\t\t<div class=\"elementor-widget-container\">\n\t\t\t<h3 class=\"elementor-heading-title elementor-size-default\">Suivi des progr\u00e8s<\/h3>\t\t<\/div>\n\t\t\t\t<\/div>\n\t\t\t\t<div class=\"elementor-element elementor-element-ac4a197 elementor-position-top elementor-widget elementor-widget-image-box\" data-id=\"ac4a197\" data-element_type=\"widget\" data-widget_type=\"image-box.default\">\n\t\t\t\t<div class=\"elementor-widget-container\">\n\t\t\t<div class=\"elementor-image-box-wrapper\"><figure class=\"elementor-image-box-img\"><img loading=\"lazy\" decoding=\"async\" width=\"150\" height=\"150\" src=\"http:\/\/granadaflam.es\/wp-content\/uploads\/2022\/08\/ciencia_Mesa-de-trabajo-1_Mesa-de-trabajo-1-150x150.png\" class=\"attachment-thumbnail size-thumbnail wp-image-12963\" alt=\"\" srcset=\"http:\/\/granadaflam.es\/wp-content\/uploads\/2022\/08\/ciencia_Mesa-de-trabajo-1_Mesa-de-trabajo-1.png 150w, http:\/\/granadaflam.es\/wp-content\/uploads\/2022\/08\/ciencia_Mesa-de-trabajo-1_Mesa-de-trabajo-1-100x100.png 100w\" sizes=\"(max-width: 150px) 100vw, 150px\" \/><\/figure><div class=\"elementor-image-box-content\"><p class=\"elementor-image-box-description\">La plateforme d'apprentissage en ligne peut \u00e9galement inclure des fonctions permettant de suivre les progr\u00e8s des participants.  \n\nIl peut s'agir d'un registre des activit\u00e9s r\u00e9alis\u00e9es, des notes, des commentaires et de tout autre indicateur de progr\u00e8s dans le cours.<\/p><\/div><\/div>\t\t<\/div>\n\t\t\t\t<\/div>\n\t\t\t\t<\/div>\n\t\t\t\t<\/div>\n\t\t\t\t\t<\/div>\n\t\t\t\t<\/div>\n\t\t<div class=\"elementor-element elementor-element-8f9ff90 e-grid e-con-boxed e-con e-parent\" data-id=\"8f9ff90\" data-element_type=\"container\" data-settings=\"{&quot;container_type&quot;:&quot;grid&quot;,&quot;grid_columns_grid&quot;:{&quot;unit&quot;:&quot;fr&quot;,&quot;size&quot;:&quot;3&quot;,&quot;sizes&quot;:[]},&quot;grid_rows_grid&quot;:{&quot;unit&quot;:&quot;fr&quot;,&quot;size&quot;:1,&quot;sizes&quot;:[]},&quot;grid_rows_grid_mobile&quot;:{&quot;unit&quot;:&quot;fr&quot;,&quot;size&quot;:&quot;2&quot;,&quot;sizes&quot;:[]},&quot;content_width&quot;:&quot;boxed&quot;,&quot;grid_outline&quot;:&quot;yes&quot;,&quot;grid_columns_grid_widescreen&quot;:{&quot;unit&quot;:&quot;fr&quot;,&quot;size&quot;:&quot;&quot;,&quot;sizes&quot;:[]},&quot;grid_columns_grid_tablet_extra&quot;:{&quot;unit&quot;:&quot;fr&quot;,&quot;size&quot;:&quot;&quot;,&quot;sizes&quot;:[]},&quot;grid_columns_grid_tablet&quot;:{&quot;unit&quot;:&quot;fr&quot;,&quot;size&quot;:&quot;&quot;,&quot;sizes&quot;:[]},&quot;grid_columns_grid_mobile&quot;:{&quot;unit&quot;:&quot;fr&quot;,&quot;size&quot;:1,&quot;sizes&quot;:[]},&quot;grid_rows_grid_widescreen&quot;:{&quot;unit&quot;:&quot;fr&quot;,&quot;size&quot;:&quot;&quot;,&quot;sizes&quot;:[]},&quot;grid_rows_grid_tablet_extra&quot;:{&quot;unit&quot;:&quot;fr&quot;,&quot;size&quot;:&quot;&quot;,&quot;sizes&quot;:[]},&quot;grid_rows_grid_tablet&quot;:{&quot;unit&quot;:&quot;fr&quot;,&quot;size&quot;:&quot;&quot;,&quot;sizes&quot;:[]},&quot;grid_auto_flow&quot;:&quot;row&quot;,&quot;grid_auto_flow_widescreen&quot;:&quot;row&quot;,&quot;grid_auto_flow_tablet_extra&quot;:&quot;row&quot;,&quot;grid_auto_flow_tablet&quot;:&quot;row&quot;,&quot;grid_auto_flow_mobile&quot;:&quot;row&quot;}\" data-core-v316-plus=\"true\">\n\t\t\t\t\t<div class=\"e-con-inner\">\n\t\t\t\t<div class=\"elementor-element elementor-element-f1cddf0 elementor-widget elementor-widget-heading\" data-id=\"f1cddf0\" data-element_type=\"widget\" data-widget_type=\"heading.default\">\n\t\t\t\t<div class=\"elementor-widget-container\">\n\t\t\t<h1 class=\"elementor-heading-title elementor-size-large\">Si nuestra propuesta te ha interesado, \u00a1cont\u00e1ctanos!<\/h1>\t\t<\/div>\n\t\t\t\t<\/div>\n\t\t\t\t<div class=\"elementor-element elementor-element-d407f95 elementor-widget elementor-widget-image\" data-id=\"d407f95\" data-element_type=\"widget\" data-widget_type=\"image.default\">\n\t\t\t\t<div class=\"elementor-widget-container\">\n\t\t\t\t\t\t\t\t\t\t\t\t\t\t\t<img loading=\"lazy\" decoding=\"async\" width=\"958\" height=\"1080\" src=\"http:\/\/granadaflam.es\/wp-content\/uploads\/2022\/08\/frances_divertido_granada_academia_infantil.png\" class=\"attachment-full size-full wp-image-13475\" alt=\"\" srcset=\"http:\/\/granadaflam.es\/wp-content\/uploads\/2022\/08\/frances_divertido_granada_academia_infantil.png 958w, http:\/\/granadaflam.es\/wp-content\/uploads\/2022\/08\/frances_divertido_granada_academia_infantil-266x300.png 266w, http:\/\/granadaflam.es\/wp-content\/uploads\/2022\/08\/frances_divertido_granada_academia_infantil-908x1024.png 908w, http:\/\/granadaflam.es\/wp-content\/uploads\/2022\/08\/frances_divertido_granada_academia_infantil-768x866.png 768w, http:\/\/granadaflam.es\/wp-content\/uploads\/2022\/08\/frances_divertido_granada_academia_infantil-600x676.png 600w\" sizes=\"(max-width: 958px) 100vw, 958px\" \/>\t\t\t\t\t\t\t\t\t\t\t\t\t\t\t<\/div>\n\t\t\t\t<\/div>\n\t\t\t\t<div class=\"elementor-element elementor-element-59a828f elementor-widget elementor-widget-text-editor\" data-id=\"59a828f\" data-element_type=\"widget\" data-widget_type=\"text-editor.default\">\n\t\t\t\t<div class=\"elementor-widget-container\">\n\t\t\t\t\t\t\t<blockquote>\n<p>Estamos disponibles para responder cualquier consulta y <strong>brindarte m\u00e1s informaci\u00f3n sobre nuestro proyecto pedag\u00f3gico<\/strong>.<\/p>\n<p>\u00a1Esperamos poder colaborar juntos en el enriquecimiento del aprendizaje de la lengua francesa!<\/p>\n<\/blockquote>\n\t\t\t\t\t\t<\/div>\n\t\t\t\t<\/div>\n\t\t\t\t\t<\/div>\n\t\t\t\t<\/div>\n\t\t<div class=\"elementor-element elementor-element-97510f0 e-flex e-con-boxed e-con e-parent\" data-id=\"97510f0\" data-element_type=\"container\" data-settings=\"{&quot;container_type&quot;:&quot;flex&quot;,&quot;content_width&quot;:&quot;boxed&quot;}\" data-core-v316-plus=\"true\">\n\t\t\t\t\t<div class=\"e-con-inner\">\n\t\t\t\t<div class=\"elementor-element elementor-element-7d0a8b9 elementor-widget-divider--separator-type-pattern elementor-widget-divider--view-line elementor-widget elementor-widget-divider\" data-id=\"7d0a8b9\" data-element_type=\"widget\" data-widget_type=\"divider.default\">\n\t\t\t\t<div class=\"elementor-widget-container\">\n\t\t\t\t\t<div class=\"elementor-divider\" style=\"--divider-pattern-url: url(&quot;data:image\/svg+xml,%3Csvg xmlns=&#039;http:\/\/www.w3.org\/2000\/svg&#039; preserveAspectRatio=&#039;none&#039; overflow=&#039;visible&#039; height=&#039;100%&#039; viewBox=&#039;0 0 24 24&#039; fill=&#039;none&#039; stroke=&#039;black&#039; stroke-width=&#039;1&#039; stroke-linecap=&#039;square&#039; stroke-miterlimit=&#039;10&#039;%3E%3Cpath d=&#039;M0,21c3.3,0,8.3-0.9,15.7-7.1c6.6-5.4,4.4-9.3,2.4-10.3c-3.4-1.8-7.7,1.3-7.3,8.8C11.2,20,17.1,21,24,21&#039;\/%3E%3C\/svg%3E&quot;);\">\n\t\t\t<span class=\"elementor-divider-separator\">\n\t\t\t\t\t\t<\/span>\n\t\t<\/div>\n\t\t\t\t<\/div>\n\t\t\t\t<\/div>\n\t\t\t\t\t<\/div>\n\t\t\t\t<\/div>\n\t\t\t\t<section class=\"elementor-section elementor-top-section elementor-element elementor-element-b1642bb elementor-section-stretched elementor-section-boxed elementor-section-height-default elementor-section-height-default\" data-id=\"b1642bb\" data-element_type=\"section\" data-settings=\"{&quot;stretch_section&quot;:&quot;section-stretched&quot;}\">\n\t\t\t\t\t\t<div class=\"elementor-container elementor-column-gap-custom\">\n\t\t\t\t\t<div class=\"elementor-column elementor-col-33 elementor-top-column elementor-element elementor-element-8f099c9\" data-id=\"8f099c9\" data-element_type=\"column\" data-settings=\"{&quot;background_background&quot;:&quot;classic&quot;}\">\n\t\t\t<div class=\"elementor-widget-wrap elementor-element-populated\">\n\t\t\t\t\t\t\t\t<div class=\"elementor-element elementor-element-04adfa7 iconbox-text-center elementor-widget elementor-widget-thim-icon-box\" data-id=\"04adfa7\" data-element_type=\"widget\" data-widget_type=\"thim-icon-box.default\">\n\t\t\t\t<div class=\"elementor-widget-container\">\n\t\t\t<div class=\"thim-widget-icon-box\"><div class=\"wrapper-box-icon text-center \"><div class=\"smicon-box iconbox-top\"><div class=\"boxes-icon\"><span class=\"inner-icon\"><span class=\"icon\"><i aria-hidden=\"true\" class=\"tk tk-pin1\"><\/i><\/span><\/span><\/div><div class=\"content-inner\"><div class=\"sc-heading\"><p class=\"heading__primary\">Direcci\u00f3n postal<\/p><\/div><div class=\"desc-icon-box\"><div class=\"desc-content\">COLORPOLIS <br>\nCalle R\u00edo, 17 <br>\n18008 Granada - Espa\u00f1a\n <br>\n <br>\nLA MOEBIUS <br>\nCj\u00f3n. del Gallo <br>\n18010 Granada\n\n<\/div><\/div><\/div><\/div><\/div><\/div>\t\t<\/div>\n\t\t\t\t<\/div>\n\t\t\t\t\t<\/div>\n\t\t<\/div>\n\t\t\t\t<div class=\"elementor-column elementor-col-33 elementor-top-column elementor-element elementor-element-16f6333\" data-id=\"16f6333\" data-element_type=\"column\" data-settings=\"{&quot;background_background&quot;:&quot;classic&quot;}\">\n\t\t\t<div class=\"elementor-widget-wrap elementor-element-populated\">\n\t\t\t\t\t\t\t\t<div class=\"elementor-element elementor-element-dff41d9 iconbox-text-center elementor-absolute elementor-widget elementor-widget-thim-icon-box\" data-id=\"dff41d9\" data-element_type=\"widget\" data-settings=\"{&quot;_position&quot;:&quot;absolute&quot;}\" data-widget_type=\"thim-icon-box.default\">\n\t\t\t\t<div class=\"elementor-widget-container\">\n\t\t\t<div class=\"thim-widget-icon-box\"><div class=\"wrapper-box-icon text-center \"><div class=\"smicon-box iconbox-top\"><div class=\"boxes-icon\"><span class=\"inner-icon\"><span class=\"icon\"><i aria-hidden=\"true\" class=\"tk tk-teacher\"><\/i><\/span><\/span><\/div><div class=\"content-inner\"><div class=\"sc-heading\"><p class=\"heading__primary\">Contacta con FLAM<\/p><\/div><div class=\"desc-icon-box\"><div class=\"desc-content\">Tel\u00e9fono: <a href=\"tel:0034662446147\">+34 662 446 147<\/a> <\/br>\nMail: <a href=\"mailto:granada.flam@gmail.com\">granada.flam@gmail.com<\/a><\/div><\/div><\/div><\/div><\/div><\/div>\t\t<\/div>\n\t\t\t\t<\/div>\n\t\t\t\t\t<\/div>\n\t\t<\/div>\n\t\t\t\t<div class=\"elementor-column elementor-col-33 elementor-top-column elementor-element elementor-element-05f7819\" data-id=\"05f7819\" data-element_type=\"column\" data-settings=\"{&quot;background_background&quot;:&quot;classic&quot;}\">\n\t\t\t<div class=\"elementor-widget-wrap elementor-element-populated\">\n\t\t\t\t\t\t\t\t<div class=\"elementor-element elementor-element-3ddb17c iconbox-text-center elementor-absolute elementor-widget elementor-widget-thim-icon-box\" data-id=\"3ddb17c\" data-element_type=\"widget\" data-settings=\"{&quot;_position&quot;:&quot;absolute&quot;}\" data-widget_type=\"thim-icon-box.default\">\n\t\t\t\t<div class=\"elementor-widget-container\">\n\t\t\t<div class=\"thim-widget-icon-box\"><div class=\"wrapper-box-icon text-center \"><div class=\"smicon-box iconbox-top\"><div class=\"boxes-icon\"><span class=\"inner-icon\"><span class=\"icon\"><i aria-hidden=\"true\" class=\"tk tk-instagram\"><\/i><\/span><\/span><\/div><div class=\"content-inner\"><div class=\"sc-heading\"><p class=\"heading__primary\">S\u00edguenos en instagram<\/p><\/div><div class=\"desc-icon-box\"><div class=\"desc-content\"><H3><a href=\"https:\/\/www.instagram.com\/granada.flam\/\">@granada.flam<\/a><\/H3>\n<br>\n<\/div><\/div><\/div><\/div><\/div><\/div>\t\t<\/div>\n\t\t\t\t<\/div>\n\t\t\t\t\t<\/div>\n\t\t<\/div>\n\t\t\t\t\t\t\t<\/div>\n\t\t<\/section>\n\t\t\t\t\t\t\t<\/div>\n\t\t","protected":false},"excerpt":{"rendered":"<p>Notre classe cible DELF B2 pour adultes est la cl\u00e9 de votre r\u00e9ussite linguistique. Con\u00e7u pour les apprenants de niveau interm\u00e9diaire et avanc\u00e9, ce cours intensif, qui se d\u00e9roule de novembre \u00e0 mai, vous permettra de passer du niveau B1 au prestigieux niveau B2 du Cadre europ\u00e9en commun de r\u00e9f\u00e9rence pour les langues (CECR), le niveau requis pour ouvrir des portes dans votre vie universitaire, professionnelle et personnelle.<\/p>\n","protected":false},"author":1,"featured_media":0,"comment_status":"closed","ping_status":"open","sticky":false,"template":"elementor_header_footer","format":"standard","meta":{"_bbp_topic_count":0,"_bbp_reply_count":0,"_bbp_total_topic_count":0,"_bbp_total_reply_count":0,"_bbp_voice_count":0,"_bbp_anonymous_reply_count":0,"_bbp_topic_count_hidden":0,"_bbp_reply_count_hidden":0,"_bbp_forum_subforum_count":0,"footnotes":""},"categories":[212],"tags":[180,218,217,216,213,215],"_links":{"self":[{"href":"http:\/\/granadaflam.es\/fr\/wp-json\/wp\/v2\/posts\/15418"}],"collection":[{"href":"http:\/\/granadaflam.es\/fr\/wp-json\/wp\/v2\/posts"}],"about":[{"href":"http:\/\/granadaflam.es\/fr\/wp-json\/wp\/v2\/types\/post"}],"author":[{"embeddable":true,"href":"http:\/\/granadaflam.es\/fr\/wp-json\/wp\/v2\/users\/1"}],"replies":[{"embeddable":true,"href":"http:\/\/granadaflam.es\/fr\/wp-json\/wp\/v2\/comments?post=15418"}],"version-history":[{"count":4,"href":"http:\/\/granadaflam.es\/fr\/wp-json\/wp\/v2\/posts\/15418\/revisions"}],"predecessor-version":[{"id":15426,"href":"http:\/\/granadaflam.es\/fr\/wp-json\/wp\/v2\/posts\/15418\/revisions\/15426"}],"wp:attachment":[{"href":"http:\/\/granadaflam.es\/fr\/wp-json\/wp\/v2\/media?parent=15418"}],"wp:term":[{"taxonomy":"category","embeddable":true,"href":"http:\/\/granadaflam.es\/fr\/wp-json\/wp\/v2\/categories?post=15418"},{"taxonomy":"post_tag","embeddable":true,"href":"http:\/\/granadaflam.es\/fr\/wp-json\/wp\/v2\/tags?post=15418"}],"curies":[{"name":"wp","href":"https:\/\/api.w.org\/{rel}","templated":true}]}}